{"id":728,"date":"2021-09-23T11:17:02","date_gmt":"2021-09-23T11:17:02","guid":{"rendered":"http:\/\/www.szenenwild.de\/?p=728"},"modified":"2021-09-23T11:17:02","modified_gmt":"2021-09-23T11:17:02","slug":"der-fall-collini","status":"publish","type":"post","link":"http:\/\/www.szenenwild.de\/?p=728","title":{"rendered":"Der Fall Collini"},"content":{"rendered":"\n<p>Dieser Kinospielfilm ist die zweite filmische Umsetzung des gleichnamigen Romans von Ferdinand von Schirach.<br><br>Die Sterne stehen denkbar ung\u00fcnstig f\u00fcr den jungen Anwalt Caspar Leinen: Sein erster gro\u00dfer Fall als Strafverteidiger konfrontiert ihn mit einem st\u00f6rrischen Mandanten, der seine Schuld nicht einmal bestreitet, der gegnerische Anwalt ist an Erfahrung und Status haushoch \u00fcberlegen und als emotionaler Ballast werden auch noch pers\u00f6nliche Verstrickungen mit Leinen&#8217;s Vergangenheit offensichtlich.<\/p>\n\n\n\n<p>Doch gegen allen Widerstand, gr\u00e4bt sich Caspar doch tief in diesen brisanten Fall hinein und st\u00f6\u00dft dabei auf einen der gr\u00f6\u00dften Justizskandale der bundesdeutschen Geschichte, \u00fcber den bisher ein schwerer Mantel des Schweigens gelegt wurde.<\/p>\n\n\n\n<p><em>Justiz-Drama nach dem erfolgreichen Roman von Ferdinand von Schirach _ mit Elyas M&#8217;Barek, Franco Nero, Heiner Lauterbach, Alexandra Maria Lara uvm.<\/em><br><em>\/\/\/&nbsp;<strong>Regie<\/strong>: Marco Kreuzpaintner \/\/\/&nbsp;<strong>Kamera<\/strong>: Jakub Bejnarowicz&nbsp; \/\/\/&nbsp;&nbsp;<strong>Szenenbild<\/strong>: Josef Sanktjohanser<\/em><\/p>\n\n\n\n<p>ARBEITSFELDER:<br>&#8211;<em> Ausf\u00fchrungsplanung Gerichtssaal<\/em><br><em>&#8211; Art Direction aller Motive in Berlin<br>&#8211; Art Direction \/ Drehbetreuung Italien<\/em><\/p>\n\n\n\n<p>Mehr Informationen zum Film auf der <a href=\"https:\/\/www.constantin-film.de\/kino\/der-fall-collini\/\" target=\"_blank\" rel=\"noreferrer noopener\">Seite von Constantin Film<\/a><\/p>\n\n\n\n<p class=\"has-small-font-size\">Beitragsbild:  Copyright _ Constantin Filmverleih 2019<\/p>\n","protected":false},"excerpt":{"rendered":"<p>Dieser Kinospielfilm ist die zweite filmische Umsetzung des gleichnamigen Romans von Ferdinand von Schirach. Die&#8230;<\/p>\n","protected":false},"author":1,"featured_media":729,"comment_status":"closed","ping_status":"closed","sticky":false,"template":"","format":"standard","meta":[],"categories":[3,11],"tags":[],"_links":{"self":[{"href":"http:\/\/www.szenenwild.de\/index.php?rest_route=\/wp\/v2\/posts\/728"}],"collection":[{"href":"http:\/\/www.szenenwild.de\/index.php?rest_route=\/wp\/v2\/posts"}],"about":[{"href":"http:\/\/www.szenenwild.de\/index.php?rest_route=\/wp\/v2\/types\/post"}],"author":[{"embeddable":true,"href":"http:\/\/www.szenenwild.de\/index.php?rest_route=\/wp\/v2\/users\/1"}],"replies":[{"embeddable":true,"href":"http:\/\/www.szenenwild.de\/index.php?rest_route=%2Fwp%2Fv2%2Fcomments&post=728"}],"version-history":[{"count":5,"href":"http:\/\/www.szenenwild.de\/index.php?rest_route=\/wp\/v2\/posts\/728\/revisions"}],"predecessor-version":[{"id":741,"href":"http:\/\/www.szenenwild.de\/index.php?rest_route=\/wp\/v2\/posts\/728\/revisions\/741"}],"wp:featuredmedia":[{"embeddable":true,"href":"http:\/\/www.szenenwild.de\/index.php?rest_route=\/wp\/v2\/media\/729"}],"wp:attachment":[{"href":"http:\/\/www.szenenwild.de\/index.php?rest_route=%2Fwp%2Fv2%2Fmedia&parent=728"}],"wp:term":[{"taxonomy":"category","embeddable":true,"href":"http:\/\/www.szenenwild.de\/index.php?rest_route=%2Fwp%2Fv2%2Fcategories&post=728"},{"taxonomy":"post_tag","embeddable":true,"href":"http:\/\/www.szenenwild.de\/index.php?rest_route=%2Fwp%2Fv2%2Ftags&post=728"}],"curies":[{"name":"wp","href":"https:\/\/api.w.org\/{rel}","templated":true}]}}