{"id":603,"date":"2018-03-08T15:58:39","date_gmt":"2018-03-08T15:58:39","guid":{"rendered":"http:\/\/www.szenenwild.de\/?p=603"},"modified":"2018-03-09T15:17:34","modified_gmt":"2018-03-09T15:17:34","slug":"berlin-station-season-2","status":"publish","type":"post","link":"http:\/\/www.szenenwild.de\/?p=603","title":{"rendered":"Berlin Station \/ Season 2"},"content":{"rendered":"<p>Die internen Machtk\u00e4mpfe der letzten Staffel haben in der CIA-Abteilung einige Personal\u00e4nderungen herbeigef\u00fchrt. Doch welche Agenda verfolgt die neue Station-Chefin BB Yates? Ist es ihre eigene unkonventionelle Form die Regeln auszulegen, oder sind doch h\u00f6here Rangestr\u00e4ger die F\u00e4denzieher.<\/p>\n<p>Unter diesen neuen Bedingungen muss sich das Team um den camouflageartigen CIA-Agenten Daniel Miller mit einer bisher untersch\u00e4tzten innenpolitischen Bedrohung auseinandersetzen. Rechtsextreme Gruppen stiften Unruhen und im Fahrwasser von Fl\u00fcchtlingsproblemen und Identit\u00e4skrise erst\u00e4rkt eine neue Partei am rechten Rand des politischen Spektrums. Kurz vor den entscheidenden Bundestagswahlen, sieht es sogar so aus, als k\u00f6nnte die fragw\u00fcrdige Partei um ihre charismatische Vorsitzende Katerina Gerhardt die Wahl sogar f\u00fcr sich entscheiden.<br \/>\nAlso schmuggelt sich Miller undercover in die rechte Szene, um die unsauberen Mittel dieses politischen Kampfes aufzudecken.<\/p>\n<p><em>Zweite Staffel der Spionage-Serie \u00fcber die Verstrickungen der Berliner CIA-Au\u00dfenstelle in politische Machenschaften mit internationalem Ausma\u00df\u00a0 <strong><\/strong>_ mit Richard Armitage, Rhys Ifans, Leland Orser uvm.<\/em><br \/>\n<em> \/\/\/ <strong>Regie<\/strong>: Guiseppe Capotondi, John David Coles, Christoph Schrewe, Bronwen Hughes, Sarah Pia Anderson \/\/\/ <strong>Kamera<\/strong>: Hagen Bogdanski\u00a0 \/\/\/\u00a0 <strong>Szenenbild<\/strong>: Marco Bittner Rosser<br \/>\n<\/em><\/p>\n","protected":false},"excerpt":{"rendered":"<p>Die internen Machtk\u00e4mpfe der letzten Staffel haben in der CIA-Abteilung einige Personal\u00e4nderungen herbeigef\u00fchrt. Doch welche&#8230;<\/p>\n","protected":false},"author":1,"featured_media":606,"comment_status":"closed","ping_status":"closed","sticky":false,"template":"","format":"standard","meta":[],"categories":[13],"tags":[],"_links":{"self":[{"href":"http:\/\/www.szenenwild.de\/index.php?rest_route=\/wp\/v2\/posts\/603"}],"collection":[{"href":"http:\/\/www.szenenwild.de\/index.php?rest_route=\/wp\/v2\/posts"}],"about":[{"href":"http:\/\/www.szenenwild.de\/index.php?rest_route=\/wp\/v2\/types\/post"}],"author":[{"embeddable":true,"href":"http:\/\/www.szenenwild.de\/index.php?rest_route=\/wp\/v2\/users\/1"}],"replies":[{"embeddable":true,"href":"http:\/\/www.szenenwild.de\/index.php?rest_route=%2Fwp%2Fv2%2Fcomments&post=603"}],"version-history":[{"count":31,"href":"http:\/\/www.szenenwild.de\/index.php?rest_route=\/wp\/v2\/posts\/603\/revisions"}],"predecessor-version":[{"id":659,"href":"http:\/\/www.szenenwild.de\/index.php?rest_route=\/wp\/v2\/posts\/603\/revisions\/659"}],"wp:featuredmedia":[{"embeddable":true,"href":"http:\/\/www.szenenwild.de\/index.php?rest_route=\/wp\/v2\/media\/606"}],"wp:attachment":[{"href":"http:\/\/www.szenenwild.de\/index.php?rest_route=%2Fwp%2Fv2%2Fmedia&parent=603"}],"wp:term":[{"taxonomy":"category","embeddable":true,"href":"http:\/\/www.szenenwild.de\/index.php?rest_route=%2Fwp%2Fv2%2Fcategories&post=603"},{"taxonomy":"post_tag","embeddable":true,"href":"http:\/\/www.szenenwild.de\/index.php?rest_route=%2Fwp%2Fv2%2Ftags&post=603"}],"curies":[{"name":"wp","href":"https:\/\/api.w.org\/{rel}","templated":true}]}}