{"id":585,"date":"2016-10-22T20:01:57","date_gmt":"2016-10-22T20:01:57","guid":{"rendered":"http:\/\/www.szenenwild.de\/?p=585"},"modified":"2021-09-20T08:28:01","modified_gmt":"2021-09-20T08:28:01","slug":"radegund-at","status":"publish","type":"post","link":"http:\/\/www.szenenwild.de\/?p=585","title":{"rendered":"A Hidden Life \/\/ Ein Verborgenes Leben"},"content":{"rendered":"\n<p>1943 weigert sich ein \u00f6sterreichischer Bauer f\u00fcr einen von ihm verachteten F\u00fchrer Hitler in den Krieg zu ziehen. Franz J\u00e4gest\u00e4tter verweigert den Eid und kommt als Vaterlandverr\u00e4ter in Kriegsgefangenschaft nach Linz, Berlin, Brandenburg. Die St\u00e4rke seines Widerstandes zieht der aufrichtige, katholische Familienvater aus seinem Glauben und den zahlreichen Briefwechseln mit seiner Frau Franziska, die sich &#8211; abgeschottet von der regimetreuen Dorfgemeinschaft &#8211; mit Schwester und Mutter zusammen um die drei T\u00f6chter und den Hof k\u00fcmmern muss.<\/p>\n\n\n\n<p>In stillen, sensiblen Bildern erz\u00e4hlt der Film sowohl das lebendige, naturverbundene, rauhe Landleben, als auch die Einsamkeit und Isolation in der Haft, in der pers\u00f6nliche Werte, \u00c4ngste und Zweifel lauter widerhallen als das Feuer der Flak-Gesch\u00fctze.<\/p>\n\n\n\n<p><em>Einf\u00fchlsames Biopic \u00fcber den 2007 selig gesprochenen Kriegsdienstverweigerer Franz J\u00e4gerst\u00e4tter\u00a0 _ mit August Diehl, Valerie Pachner uvm.<\/em><br><em> \/\/\/ <strong>Regie<\/strong>: Terrence Malick \/\/\/ <strong>Kamera<\/strong>: J\u00f6rg Widmann\u00a0 \/\/\/\u00a0 <strong>Szenenbild<\/strong>: Sebastian Krawinkel <\/em><\/p>\n","protected":false},"excerpt":{"rendered":"<p>1943 weigert sich ein \u00f6sterreichischer Bauer f\u00fcr einen von ihm verachteten F\u00fchrer Hitler in den&#8230;<\/p>\n","protected":false},"author":1,"featured_media":691,"comment_status":"closed","ping_status":"closed","sticky":false,"template":"","format":"standard","meta":[],"categories":[14,13],"tags":[],"_links":{"self":[{"href":"http:\/\/www.szenenwild.de\/index.php?rest_route=\/wp\/v2\/posts\/585"}],"collection":[{"href":"http:\/\/www.szenenwild.de\/index.php?rest_route=\/wp\/v2\/posts"}],"about":[{"href":"http:\/\/www.szenenwild.de\/index.php?rest_route=\/wp\/v2\/types\/post"}],"author":[{"embeddable":true,"href":"http:\/\/www.szenenwild.de\/index.php?rest_route=\/wp\/v2\/users\/1"}],"replies":[{"embeddable":true,"href":"http:\/\/www.szenenwild.de\/index.php?rest_route=%2Fwp%2Fv2%2Fcomments&post=585"}],"version-history":[{"count":11,"href":"http:\/\/www.szenenwild.de\/index.php?rest_route=\/wp\/v2\/posts\/585\/revisions"}],"predecessor-version":[{"id":692,"href":"http:\/\/www.szenenwild.de\/index.php?rest_route=\/wp\/v2\/posts\/585\/revisions\/692"}],"wp:featuredmedia":[{"embeddable":true,"href":"http:\/\/www.szenenwild.de\/index.php?rest_route=\/wp\/v2\/media\/691"}],"wp:attachment":[{"href":"http:\/\/www.szenenwild.de\/index.php?rest_route=%2Fwp%2Fv2%2Fmedia&parent=585"}],"wp:term":[{"taxonomy":"category","embeddable":true,"href":"http:\/\/www.szenenwild.de\/index.php?rest_route=%2Fwp%2Fv2%2Fcategories&post=585"},{"taxonomy":"post_tag","embeddable":true,"href":"http:\/\/www.szenenwild.de\/index.php?rest_route=%2Fwp%2Fv2%2Ftags&post=585"}],"curies":[{"name":"wp","href":"https:\/\/api.w.org\/{rel}","templated":true}]}}