{"id":536,"date":"2015-08-31T08:37:47","date_gmt":"2015-08-31T08:37:47","guid":{"rendered":"http:\/\/www.szenenwild.de\/?p=536"},"modified":"2018-11-26T08:39:22","modified_gmt":"2018-11-26T08:39:22","slug":"familie-braun","status":"publish","type":"post","link":"http:\/\/www.szenenwild.de\/?p=536","title":{"rendered":"Familie Braun"},"content":{"rendered":"<p>Thomas Braun und Kai Stahl, zwei Neonazis, die gemeinsam eine Jungs-WG im Plattenbau bewohnen, bekommen aus heiterem Himmel eine neue Mitbewohnerin: Lara (Nomie Laine Tucker), sechs Jahre, schwarz. Was Thomas nicht wei\u00df: Lara ist seine Tochter, entz\u00fcckendes Ergebnis eines lang zur\u00fcckliegenden One-Night-Stands. Ihre Mutter sagt, dass sich der Vater ab sofort um die Sechsj\u00e4hrige k\u00fcmmern muss.<br \/>\nZuerst versucht Thomas (Edin Hasanovic) seine schwarze Tochter loszuwerden, sp\u00e4ter will er sie aber immer mehr in sein &#8222;braunes&#8220; Leben integrieren. Er k\u00e4mpft gegen die starren Muster in seinem Kopf. Zum ersten Mal muss er Verantwortung \u00fcbernehmen und sich den unangenehmen Fragen von Lara stellen, die ihm mit entwaffnender Naivit\u00e4t zeigt, wie d\u00fcnn und br\u00fcchig seine rechtsextremen Ideologien eigentlich sind. Sein Freund Kai (Vincent Kr\u00fcger) versteht die Welt nicht mehr und will seinen alten Freund zur\u00fcck. Es scheint, als w\u00fcrde Thomas sein gesamtes soziales Umfeld verlieren.<\/p>\n<p><em>Eine 8-teilige Mini-Serie f\u00fcr die <strong>ZDF <\/strong>_ mit Edin Hasanovic, Vincent Kr\u00fcger, Nomie Laine Tucker<br \/>\n\/\/\/ <strong>Regie<\/strong>: Maurice H\u00fcbner \/\/\/ <strong>Kamera<\/strong>: Julia H\u00f6nemann\u00a0 \/\/\/\u00a0 <strong>Szenenbild<\/strong>: Philipp Eggert <em>\/\/\/ <strong>Produktion<\/strong>: POLYPHON Film- und Fernsehgesellschaft mbH<br \/>\n<\/em><\/em><\/p>\n<p>anschauen hier:\u00a0<a title=\"Familie Braun in der ZDF Mediathek\" href=\"https:\/\/www.zdf.de\/serien\/familie-braun\" target=\"_blank\"> ZDF MEDIATHEK<\/a><\/p>\n<p><em>\/\/\/<\/em> <em>Dreh: Mai 2015<\/em><\/p>\n","protected":false},"excerpt":{"rendered":"<p>Thomas Braun und Kai Stahl, zwei Neonazis, die gemeinsam eine Jungs-WG im Plattenbau bewohnen, bekommen&#8230;<\/p>\n","protected":false},"author":1,"featured_media":538,"comment_status":"closed","ping_status":"closed","sticky":false,"template":"","format":"standard","meta":[],"categories":[12,11],"tags":[],"_links":{"self":[{"href":"http:\/\/www.szenenwild.de\/index.php?rest_route=\/wp\/v2\/posts\/536"}],"collection":[{"href":"http:\/\/www.szenenwild.de\/index.php?rest_route=\/wp\/v2\/posts"}],"about":[{"href":"http:\/\/www.szenenwild.de\/index.php?rest_route=\/wp\/v2\/types\/post"}],"author":[{"embeddable":true,"href":"http:\/\/www.szenenwild.de\/index.php?rest_route=\/wp\/v2\/users\/1"}],"replies":[{"embeddable":true,"href":"http:\/\/www.szenenwild.de\/index.php?rest_route=%2Fwp%2Fv2%2Fcomments&post=536"}],"version-history":[{"count":4,"href":"http:\/\/www.szenenwild.de\/index.php?rest_route=\/wp\/v2\/posts\/536\/revisions"}],"predecessor-version":[{"id":543,"href":"http:\/\/www.szenenwild.de\/index.php?rest_route=\/wp\/v2\/posts\/536\/revisions\/543"}],"wp:featuredmedia":[{"embeddable":true,"href":"http:\/\/www.szenenwild.de\/index.php?rest_route=\/wp\/v2\/media\/538"}],"wp:attachment":[{"href":"http:\/\/www.szenenwild.de\/index.php?rest_route=%2Fwp%2Fv2%2Fmedia&parent=536"}],"wp:term":[{"taxonomy":"category","embeddable":true,"href":"http:\/\/www.szenenwild.de\/index.php?rest_route=%2Fwp%2Fv2%2Fcategories&post=536"},{"taxonomy":"post_tag","embeddable":true,"href":"http:\/\/www.szenenwild.de\/index.php?rest_route=%2Fwp%2Fv2%2Ftags&post=536"}],"curies":[{"name":"wp","href":"https:\/\/api.w.org\/{rel}","templated":true}]}}