{"id":511,"date":"2015-01-05T14:35:30","date_gmt":"2015-01-05T14:35:30","guid":{"rendered":"http:\/\/www.szenenwild.de\/?p=511"},"modified":"2016-02-16T10:02:38","modified_gmt":"2016-02-16T10:02:38","slug":"der-fall-b","status":"publish","type":"post","link":"http:\/\/www.szenenwild.de\/?p=511","title":{"rendered":"Der Fall Barschel"},"content":{"rendered":"<style type=\"text\/css\"><!--\nP { margin-bottom: 0.21cm; }\n--><\/style>\n<p>L\u00fcbeck, 1987. Wenige Monate nach einem verheerenden Flugzeugabsturz betritt Uwe Barschel schon wieder die gro\u00dfe politische B\u00fchne. Im Auftrag des Chefredakteurs Brauneck treffen sich die beiden Journalisten David Burger und Olaf Neuenfels mit dem angeschlagenen Ministerpr\u00e4sidenten Schleswig-Holsteins. Der Vorwurf: Barschel habe den Gegenkandidat der SPD ausspionieren lassen. \u201eDie Aff\u00e4re wird als \u201eWaterkantgate\u201c bekannt. In einer Pressekonferenz gibt Barschel sein falsches \u201eEhrenwort\u201c und wird zum Ru\u0308cktritt gezwungen. Wenige Wochen sp\u00e4ter wird er tot in einer Badewanne in Genf aufgefunden. Ein Foto geht um die Welt. In der Redaktion der Hamburger Allgemeinen herrscht anschlie\u00dfend dicke Luft. Davids ungezu\u0308gelte Vertretung der Mordtheorie st\u00f6\u00dft nicht nur bei seinem Kollegen Olaf, der an die Selbstmordtheorie glaubt, sondern auch bei Mentor Brauneck auf Gegenwehr. David ist auf sich allein gestellt. Dann aber liefern Privatdetektive und Toxikologen neue Erkenntnisse, die klar auf Mord hinweisen. Reichen diese neuen Hinweise? Hamburg, 1993. Seit sechs Jahren ist der hochpolitische Todesfall weiterhin ungel\u00f6st. David ist auch nach seinem Rauswurf aus der Redaktion im Fall Barschel noch auf Spurensuche. \u00dcberwachungsprotokolle der Stasi bringen ihn auf eine neue hei\u00dfe F\u00e4hrte.<\/p>\n<p>War Barschel etwa in illegale Waffengesch\u00e4fte verstrickt?<\/p>\n<p><em>Ein Polit-Zweiteiler f\u00fcr die ARD<strong> <\/strong>_ mit Alexander Fehling, Fabian Hinrichs, Matthias Matschke, Edgar Selge, Martin Brambach, Antje Traue<br \/>\n\/\/\/ <strong>Regie<\/strong>: Kilian Riedhof \/\/\/ <strong>Kamera<\/strong>: Benedict Neuenfels\u00a0 \/\/\/\u00a0 <strong>Szenenbild<\/strong>: Ye\u015fim Zolan <em>\/\/\/ <strong>Produktion<\/strong>: Zeitsprung Pictures GmbH f\u00fcr ARD\/Degeto<\/em><\/em><\/p>\n<p><em>\/\/\/<\/em> <em><a title=\"Barschel in der ARD\" href=\"http:\/\/www.daserste.de\/unterhaltung\/film\/themenabend-der-fall-barschel\/film\/index.html\" target=\"_blank\">Barschel in der ARD<\/a><br \/>\n<\/em><\/p>\n<p><em>\/\/\/<\/em> <em>Dreh: Herbst 2014\/2015<\/em><\/p>\n","protected":false},"excerpt":{"rendered":"<p>L\u00fcbeck, 1987. Wenige Monate nach einem verheerenden Flugzeugabsturz betritt Uwe Barschel schon wieder die gro\u00dfe&#8230;<\/p>\n","protected":false},"author":1,"featured_media":533,"comment_status":"closed","ping_status":"closed","sticky":false,"template":"","format":"standard","meta":[],"categories":[11],"tags":[],"_links":{"self":[{"href":"http:\/\/www.szenenwild.de\/index.php?rest_route=\/wp\/v2\/posts\/511"}],"collection":[{"href":"http:\/\/www.szenenwild.de\/index.php?rest_route=\/wp\/v2\/posts"}],"about":[{"href":"http:\/\/www.szenenwild.de\/index.php?rest_route=\/wp\/v2\/types\/post"}],"author":[{"embeddable":true,"href":"http:\/\/www.szenenwild.de\/index.php?rest_route=\/wp\/v2\/users\/1"}],"replies":[{"embeddable":true,"href":"http:\/\/www.szenenwild.de\/index.php?rest_route=%2Fwp%2Fv2%2Fcomments&post=511"}],"version-history":[{"count":12,"href":"http:\/\/www.szenenwild.de\/index.php?rest_route=\/wp\/v2\/posts\/511\/revisions"}],"predecessor-version":[{"id":546,"href":"http:\/\/www.szenenwild.de\/index.php?rest_route=\/wp\/v2\/posts\/511\/revisions\/546"}],"wp:featuredmedia":[{"embeddable":true,"href":"http:\/\/www.szenenwild.de\/index.php?rest_route=\/wp\/v2\/media\/533"}],"wp:attachment":[{"href":"http:\/\/www.szenenwild.de\/index.php?rest_route=%2Fwp%2Fv2%2Fmedia&parent=511"}],"wp:term":[{"taxonomy":"category","embeddable":true,"href":"http:\/\/www.szenenwild.de\/index.php?rest_route=%2Fwp%2Fv2%2Fcategories&post=511"},{"taxonomy":"post_tag","embeddable":true,"href":"http:\/\/www.szenenwild.de\/index.php?rest_route=%2Fwp%2Fv2%2Ftags&post=511"}],"curies":[{"name":"wp","href":"https:\/\/api.w.org\/{rel}","templated":true}]}}